{"id":125556,"date":"2021-02-15T13:04:09","date_gmt":"2021-02-15T18:04:09","guid":{"rendered":"https:\/\/richmondvale.org\/agricultura-ecologica-no-centro-correcional-de-belle-isle\/"},"modified":"2021-02-15T13:04:09","modified_gmt":"2021-02-15T18:04:09","slug":"agricultura-ecologica-no-centro-correcional-de-belle-isle","status":"publish","type":"post","link":"https:\/\/richmondvale.org\/pt-br\/agricultura-ecologica-no-centro-correcional-de-belle-isle\/","title":{"rendered":"Agricultura ecol\u00f3gica no centro correcional de Belle Isle"},"content":{"rendered":"<p><strong>&#8220;A experi\u00eancia foi maravilhosa. Aprendi muito com os detentos e, ao mesmo tempo, eles tamb\u00e9m aprenderam comigo. Ganhei muito respeito e confian\u00e7a deles durante meu tempo l\u00e1. Eles se tornaram como uma fam\u00edlia porque interagimos e aprendemos ao mesmo tempo&#8221;, Emris Stapleton, graduada do RVA Permaculture Design Certificate (PDC).<\/strong><\/p>\n<p><a href=\"https:\/\/richmondvale.org\/climate-change-activist\"><img fetchpriority=\"high\" decoding=\"async\" class=\"aligncenter wp-image-121726 size-full\" src=\"https:\/\/richmondvale.org\/wp-content\/uploads\/2023\/12\/RVA_6monthAd.jpg\" alt=\"\" width=\"800\" height=\"212\" srcset=\"https:\/\/richmondvale.org\/wp-content\/uploads\/2023\/12\/RVA_6monthAd.jpg 800w, https:\/\/richmondvale.org\/wp-content\/uploads\/2023\/12\/RVA_6monthAd-300x80.jpg 300w, https:\/\/richmondvale.org\/wp-content\/uploads\/2023\/12\/RVA_6monthAd-768x204.jpg 768w\" sizes=\"(max-width: 800px) 100vw, 800px\" \/><\/a><\/p>\n<p>&#8220;Diz-se que ningu\u00e9m conhece verdadeiramente uma na\u00e7\u00e3o at\u00e9 que tenha estado dentro de suas pris\u00f5es. Uma na\u00e7\u00e3o n\u00e3o deve ser julgada pela forma como trata seus cidad\u00e3os mais altos, mas sim os mais baixos&#8221;, o falecido Nelson Mandela \u00e9 lembrado por ter dito, ap\u00f3s 27 anos de encarceramento em Robben Island.<\/p>\n<p>Essa declara\u00e7\u00e3o mudaria a vis\u00e3o de mundo sobre os direitos dos prisioneiros; a pris\u00e3o n\u00e3o seria um tempo perdido de sofrimento e humilha\u00e7\u00e3o, mas um tempo de reforma, em condi\u00e7\u00f5es humanas e de desenvolvimento pessoal.<\/p>\n<p>Tamb\u00e9m est\u00e1 sendo comprovado que os casos de reincid\u00eancia por parte dos infratores s\u00e3o determinados por suas condi\u00e7\u00f5es de encarceramento, sendo que aqueles que foram tratados de forma mais humana t\u00eam menos probabilidade de reincidir.<\/p>\n<p>Isso \u00e9 exatamente o que o governo de S\u00e3o Vicente e Granadinas imaginou quando a unidade correcional de Belle Isle foi constru\u00edda, para atender aos padr\u00f5es internacionalmente aceitos e substituir a superlotada e dilapidada unidade prisional de Kingstown.<\/p>\n<p>Para que os prisioneiros saiam melhores, o governo declarou ent\u00e3o: &#8220;e n\u00e3o saiam mais pr\u00f3ximos dos animais da selva do que dos seres humanos civilizados&#8221;.<\/p>\n<p>A Belle Isle Correctional Facility foi inaugurada oficialmente em 2009, com os presos de seguran\u00e7a m\u00ednima sendo seus primeiros residentes. A primeira fase da constru\u00e7\u00e3o da pris\u00e3o custou EC$ 18,7 milh\u00f5es, em uma parte f\u00e9rtil e c\u00eanica de Belle Isle, com 33 dormit\u00f3rios para abrigar 9 detentos cada. <\/p>\n<p>Anos depois, o sonho e a vis\u00e3o sobre os quais a instala\u00e7\u00e3o foi constru\u00edda continuam a prosperar, com os prisioneiros recebendo treinamento em v\u00e1rias habilidades que mudam a vida, beneficiando tanto a Belle Isle Correctional Facility quanto os pr\u00f3prios prisioneiros e a comunidade em geral.<\/p>\n<p>Uma dessas exposi\u00e7\u00f5es que os detentos da pris\u00e3o receberam foi o treinamento em jardinagem dom\u00e9stica org\u00e2nica e design de permacultura, como parte do programa de reabilita\u00e7\u00e3o agr\u00edcola, que aumentou a capacidade da instala\u00e7\u00e3o de se alimentar.<\/p>\n<p>O curso de Certificado em Design de Permacultura oferecido pela <a href=\"\/\">Richmond Vale Academy<\/a>(RVA) \u00e9 uma experi\u00eancia de treinamento de 72 horas (no m\u00ednimo). Os alunos que concluem o curr\u00edculo completo recebem o Certificado de Design de Permacultura, reconhecido internacionalmente. Ele oferece uma introdu\u00e7\u00e3o ao design de permacultura, conforme estabelecido pelo cofundador do movimento, Bill Mollison, com cr\u00e9dito para esse curso agora aceito por um n\u00famero crescente de universidades em todo o mundo.  <\/p>\n<p>Parte do esfor\u00e7o mais amplo da RVA foi promover uma cultura de jardinagem ecol\u00f3gica sustent\u00e1vel em casa, como uma alternativa saud\u00e1vel e inteligente em termos de clima, que tamb\u00e9m \u00e9 ben\u00e9fica para a economia.<\/p>\n<p>Emris Stapleton, que se formou no Certificado de Design de Permacultura da RVA, usou sua nova habilidade para transmitir conhecimentos cruciais a detentos selecionados na penitenci\u00e1ria de Belle Isle.<\/p>\n<p>Ela achou que ir \u00e0 penitenci\u00e1ria como instrutora era uma atividade gratificante, na qual, junto com os detentos selecionados, eles plantavam, entre outros vegetais e ervas, cebolinha, alface, aipo, estrag\u00e3o, repolho, couve-flor, couve-galega, espinafre, salsa, inclusive banana-da-terra, papaia, feij\u00e3o-de-porco, abacaxi e melancia. A instala\u00e7\u00e3o tem capacidade para se alimentar sozinha, incluindo outras instala\u00e7\u00f5es tamb\u00e9m. <\/p>\n<p>Stapleton, uma jardineira org\u00e2nica, tamb\u00e9m \u00e9 uma oficial de campo empregada pelo Minist\u00e9rio da Agricultura. Sua agenda lotada, durante esse per\u00edodo, inclu\u00eda meio dia de treinamento na RVA e, em seguida, um dia de ensino na Belle Isle Correctional facility, conforme autorizado e financiado pelo minist\u00e9rio.<\/p>\n<p>Stapleton, que se acredita ser a primeira agricultora org\u00e2nica empregada pelo minist\u00e9rio, nos conta sua experi\u00eancia.<\/p>\n<p><strong>A Belle Isle Correctional Facility \u00e9 a maior instala\u00e7\u00e3o em SVG, abrigando 288 detentos. Quando voc\u00ea come\u00e7ou o seu programa de agricultura ecol\u00f3gica l\u00e1?<br \/>\n<\/strong>Foi somente em dezembro de 2017, ap\u00f3s a conclus\u00e3o do meu jardim, que pensei em um jardim na pris\u00e3o. Em janeiro de 2018, depois de conversar com os funcion\u00e1rios da institui\u00e7\u00e3o, fiz um canteiro experimental para demonstrar no que eu realmente queria que eles se envolvessem. Continuei indo at\u00e9 l\u00e1 como oficial de campo para obter dados sobre a colheita, dessa forma eu os mantinha atualizados sobre o progresso da minha horta. Foi um processo cont\u00ednuo. No ano passado, em 2020, recebi permiss\u00e3o oficial do Minist\u00e9rio da Agricultura para participar de uma sess\u00e3o pr\u00e1tica de meio dia na Richmond Vale Academy, ap\u00f3s a qual, no dia seguinte, eu iria \u00e0 pris\u00e3o para ensinar aos detentos o que havia aprendido no dia anterior na RVA.    <\/p>\n<p><strong>Tamb\u00e9m houve treinamento para o Certificado de Design de Permacultura (PDC). Conte-nos mais sobre o a) curso b) os alunos-alvo do treinamento na pris\u00e3o, por exemplo, voc\u00ea tinha algum crit\u00e9rio de sele\u00e7\u00e3o?<br \/>\n<\/strong>O curso PDC come\u00e7ou no dia 6 de setembro e terminou no dia 18 do mesmo m\u00eas, em 2020, na RVA. O curso foi muito desafiador, mas tamb\u00e9m empolgante e havia muitas coisas para aprender. Um curso de seis meses a ser conclu\u00eddo em duas semanas. Foram necess\u00e1rias longas horas de trabalho em sala de aula e muitos exerc\u00edcios pr\u00e1ticos para que todos se envolvessem de fato. E para mostrar que realmente entendemos o que nos foi ensinado para que, mais tarde, quando f\u00f4ssemos trabalhar por conta pr\u00f3pria, soub\u00e9ssemos exatamente o que dever\u00edamos fazer. Foi um desafio, mas valeu a pena.     <\/p>\n<p>Havia cerca de nove pessoas envolvidas no programa na pris\u00e3o. Elas foram selecionadas pelos funcion\u00e1rios da fazenda da institui\u00e7\u00e3o, sob a orienta\u00e7\u00e3o do supervisor da fazenda. <\/p>\n<p><img decoding=\"async\" class=\"aligncenter size-full wp-image-117578\" src=\"https:\/\/richmondvale.org\/wp-content\/uploads\/2023\/12\/belle2.jpeg\" alt=\"\" width=\"640\" height=\"853\"><\/p>\n<p><strong>Algu\u00e9m poderia se perguntar por que esse investimento de tempo e recursos para pessoas condenadas, por que o Belle Isle Correctional Facility e n\u00e3o outras institui\u00e7\u00f5es governamentais?<br \/>\n<\/strong>A pris\u00e3o era o local ideal para realizar esse programa. Eles t\u00eam os recursos prontamente dispon\u00edveis. (M\u00e3o de obra, terra, galinhas e diferentes tipos de animais na fazenda). Juntamente com meu grupo de jardinagem, tamb\u00e9m trabalhamos com a Escola Metodista de Chateaubelair para limpar, refor\u00e7ar e reconstruir os canteiros da horta da escola.   <\/p>\n<p><strong>Qual foi o impacto do treinamento do PDC na unidade?<br \/>\n<\/strong>Durante o tempo em que estive envolvido na unidade prisional, os participantes gostaram da abordagem permacultural, aplicando o que foi ensinado na pr\u00e1tica na fazenda e prometeram continuar fazendo a mesma coisa quando voltassem \u00e0 sociedade para se beneficiar do trabalho aut\u00f4nomo e fazer a diferen\u00e7a na vida de suas fam\u00edlias e de outras pessoas na comunidade.<br \/>\nAcredito que eles podem e far\u00e3o a diferen\u00e7a quando tiverem a chance de faz\u00ea-lo.<\/p>\n<p><strong>Como foi a experi\u00eancia para voc\u00ea pessoalmente?<br \/>\n<\/strong>A experi\u00eancia foi maravilhosa. Aprendi muito com os detentos e, ao mesmo tempo, eles tamb\u00e9m aprenderam comigo. Ganhei muito respeito e confian\u00e7a deles durante meu tempo l\u00e1. Eles se tornaram como uma fam\u00edlia porque interagimos e aprendemos ao mesmo tempo.  <\/p>\n<p><strong>Voc\u00ea acha que trabalhar com detentos em uma penitenci\u00e1ria treinando-os em agricultura ecol\u00f3gica \u00e9 um investimento que vale a pena? Voc\u00ea acha que trabalhar com detentos em penitenci\u00e1rias para trein\u00e1-los em agricultura ecol\u00f3gica \u00e9 um investimento que vale a pena?<br \/>\n<\/strong>Sim, de fato \u00e9 um investimento que vale muito a pena. A vida \u00e9 viver e aprender novas habilidades e conhecimentos diariamente. Mesmo que estejam confinados a essa institui\u00e7\u00e3o, eles est\u00e3o dispostos a aprender e a se desenvolver positivamente. N\u00e3o vou \u00e0 pris\u00e3o h\u00e1 algum tempo, portanto n\u00e3o posso dizer se algu\u00e9m que participou do programa foi libertado e sua situa\u00e7\u00e3o at\u00e9 o momento.    <\/p>\n<p><strong>Com que n\u00edvel de detentos voc\u00ea trabalha?<br \/>\n<\/strong>Como eu disse anteriormente, os detentos foram selecionados pelos oficiais, independentemente do motivo pelo qual estavam presos. Eles s\u00f3 precisavam ter paix\u00e3o por aprender novas habilidades quando surgisse a oportunidade. <\/p>\n<p><img decoding=\"async\" class=\"aligncenter size-full wp-image-117579\" src=\"https:\/\/richmondvale.org\/wp-content\/uploads\/2023\/12\/belle3.jpeg\" alt=\"\" width=\"640\" height=\"427\"><\/p>\n<p><strong>Quais foram os desafios que voc\u00ea enfrentou?<br \/>\n<\/strong>Os desafios foram muitos. Por exemplo, eles receberam um tanque de \u00e1gua de 1.000 gal\u00f5es da RVA e, at\u00e9 o momento, n\u00e3o tenho certeza se ele foi instalado porque eles precisavam dos equipamentos de encanamento necess\u00e1rios. Eles tamb\u00e9m precisavam de ferramentas de jardinagem (p\u00e1s manuais, garfos, tesouras de poda etc.). Sementes tamb\u00e9m. E ainda mais tanques para coleta de \u00e1gua, pois a \u00e1rea seca facilmente, especialmente na esta\u00e7\u00e3o seca. Tamb\u00e9m s\u00e3o necess\u00e1rios mais tanques para que eles possam produzir mais quando a esta\u00e7\u00e3o seca se aproximar.     <\/p>\n<p><strong>Quais \u00e1reas precisam ser melhoradas, por exemplo, em termos de apoio do governo ou de ONGs, como a RVA?<br \/>\n<\/strong>Acredito que, quando outras ONGs e o governo lhes derem todo o apoio de que precisam, muito mais alimentos de alta qualidade poder\u00e3o e ser\u00e3o produzidos na institui\u00e7\u00e3o pelas pessoas respons\u00e1veis de l\u00e1.<\/p>\n<p><strong>Voc\u00ea tem mais alguma coisa que gostaria de compartilhar?<\/strong><br \/>\nSim, h\u00e1 mais coisas que eu realmente gostaria de compartilhar. Em primeiro lugar, gostaria que o programa continuasse, pois apenas dois oficiais foram treinados no curso PDC em setembro passado. Eu esperava que a RVA continuasse o programa e desse a cada participante um certificado para que, quando eles voltassem \u00e0 sociedade, pudessem ter um emprego remunerado na sociedade.  <\/p>\n<p>Tamb\u00e9m gostaria que mais pessoas fossem treinadas em permacultura, j\u00e1 que todos est\u00e3o mais preocupados com a sa\u00fade atualmente, cultivando e comendo alimentos mais saud\u00e1veis, livres de produtos qu\u00edmicos e pesticidas para prolongar a longevidade e combater doen\u00e7as.<\/p>\n<p>Por RVA<\/p>\n<p><a href=\"https:\/\/richmondvale.org\/climate-change-activist\"><img fetchpriority=\"high\" decoding=\"async\" class=\"aligncenter wp-image-121726 size-full\" src=\"https:\/\/richmondvale.org\/wp-content\/uploads\/2023\/12\/RVA_6monthAd.jpg\" alt=\"\" width=\"800\" height=\"212\" srcset=\"https:\/\/richmondvale.org\/wp-content\/uploads\/2023\/12\/RVA_6monthAd.jpg 800w, https:\/\/richmondvale.org\/wp-content\/uploads\/2023\/12\/RVA_6monthAd-300x80.jpg 300w, https:\/\/richmondvale.org\/wp-content\/uploads\/2023\/12\/RVA_6monthAd-768x204.jpg 768w\" sizes=\"(max-width: 800px) 100vw, 800px\" \/><\/a><\/p>\n","protected":false},"excerpt":{"rendered":"<p>&#8220;A experi\u00eancia foi maravilhosa. Aprendi muito com os detentos e, ao mesmo tempo, eles tamb\u00e9m aprenderam comigo. Ganhei muito respeito e confian\u00e7a deles durante meu tempo l\u00e1. Eles se tornaram como uma fam\u00edlia porque interagimos e aprendemos ao mesmo tempo&#8221;, Emris Stapleton, graduada do RVA Permaculture Design Certificate (PDC). &#8220;Diz-se que ningu\u00e9m conhece verdadeiramente uma&#8230; <a href=\"https:\/\/richmondvale.org\/pt-br\/agricultura-ecologica-no-centro-correcional-de-belle-isle\/\" class=\"read-more-link\">READ MORE <i class=\"fa fa-caret-right\" aria-hidden=\"true\"><\/i><\/a><\/p>\n","protected":false},"author":3,"featured_media":125557,"comment_status":"open","ping_status":"open","sticky":false,"template":"","format":"standard","meta":{"_acf_changed":false,"_monsterinsights_skip_tracking":false,"_monsterinsights_sitenote_active":false,"_monsterinsights_sitenote_note":"","_monsterinsights_sitenote_category":0,"ngg_post_thumbnail":0,"footnotes":""},"categories":[117],"tags":[],"class_list":["post-125556","post","type-post","status-publish","format-standard","has-post-thumbnail","hentry","category-equipes-de-desenvolvimento"],"acf":[],"yoast_head":"<!-- This site is optimized with the Yoast SEO Premium plugin v27.5 (Yoast SEO v27.5) - https:\/\/yoast.com\/product\/yoast-seo-premium-wordpress\/ -->\n<title>Agricultura ecol\u00f3gica no centro correcional de Belle Isle - Richmond Vale Academy<\/title>\n<meta name=\"robots\" content=\"index, follow, max-snippet:-1, max-image-preview:large, max-video-preview:-1\" \/>\n<link rel=\"canonical\" href=\"https:\/\/richmondvale.org\/pt-br\/agricultura-ecologica-no-centro-correcional-de-belle-isle\/\" \/>\n<meta property=\"og:locale\" content=\"pt_BR\" \/>\n<meta property=\"og:type\" content=\"article\" \/>\n<meta property=\"og:title\" content=\"Agricultura ecol\u00f3gica no centro correcional de Belle Isle\" \/>\n<meta property=\"og:description\" content=\"&#8220;A experi\u00eancia foi maravilhosa. Aprendi muito com os detentos e, ao mesmo tempo, eles tamb\u00e9m aprenderam comigo. Ganhei muito respeito e confian\u00e7a deles durante meu tempo l\u00e1. Eles se tornaram como uma fam\u00edlia porque interagimos e aprendemos ao mesmo tempo&#8221;, Emris Stapleton, graduada do RVA Permaculture Design Certificate (PDC). &#8220;Diz-se que ningu\u00e9m conhece verdadeiramente uma... READ MORE\" \/>\n<meta property=\"og:url\" content=\"https:\/\/richmondvale.org\/pt-br\/agricultura-ecologica-no-centro-correcional-de-belle-isle\/\" \/>\n<meta property=\"og:site_name\" content=\"Richmond Vale Academy\" \/>\n<meta property=\"article:publisher\" content=\"https:\/\/www.facebook.com\/RichmondValeAcademy\/\" \/>\n<meta property=\"article:published_time\" content=\"2021-02-15T18:04:09+00:00\" \/>\n<meta property=\"og:image\" content=\"https:\/\/richmondvale.org\/wp-content\/uploads\/2023\/12\/Belle-Isle-Correctional-Facility.jpeg\" \/>\n\t<meta property=\"og:image:width\" content=\"640\" \/>\n\t<meta property=\"og:image:height\" content=\"336\" \/>\n\t<meta property=\"og:image:type\" content=\"image\/jpeg\" \/>\n<meta name=\"author\" content=\"arwvisions\" \/>\n<meta name=\"twitter:card\" content=\"summary_large_image\" \/>\n<meta name=\"twitter:label1\" content=\"Escrito por\" \/>\n\t<meta name=\"twitter:data1\" content=\"arwvisions\" \/>\n\t<meta name=\"twitter:label2\" content=\"Est. tempo de leitura\" \/>\n\t<meta name=\"twitter:data2\" content=\"8 minutos\" \/>\n<script type=\"application\/ld+json\" class=\"yoast-schema-graph\">{\"@context\":\"https:\\\/\\\/schema.org\",\"@graph\":[{\"@type\":\"Article\",\"@id\":\"https:\\\/\\\/richmondvale.org\\\/pt-br\\\/agricultura-ecologica-no-centro-correcional-de-belle-isle\\\/#article\",\"isPartOf\":{\"@id\":\"https:\\\/\\\/richmondvale.org\\\/pt-br\\\/agricultura-ecologica-no-centro-correcional-de-belle-isle\\\/\"},\"author\":{\"name\":\"arwvisions\",\"@id\":\"https:\\\/\\\/richmondvale.org\\\/pt-br\\\/#\\\/schema\\\/person\\\/7aa626c1499ffbb6fd679233d41c2198\"},\"headline\":\"Agricultura ecol\u00f3gica no centro correcional de Belle Isle\",\"datePublished\":\"2021-02-15T18:04:09+00:00\",\"mainEntityOfPage\":{\"@id\":\"https:\\\/\\\/richmondvale.org\\\/pt-br\\\/agricultura-ecologica-no-centro-correcional-de-belle-isle\\\/\"},\"wordCount\":1669,\"commentCount\":0,\"publisher\":{\"@id\":\"https:\\\/\\\/richmondvale.org\\\/pt-br\\\/#organization\"},\"image\":{\"@id\":\"https:\\\/\\\/richmondvale.org\\\/pt-br\\\/agricultura-ecologica-no-centro-correcional-de-belle-isle\\\/#primaryimage\"},\"thumbnailUrl\":\"https:\\\/\\\/richmondvale.org\\\/wp-content\\\/uploads\\\/2023\\\/12\\\/Belle-Isle-Correctional-Facility.jpeg\",\"articleSection\":[\"Equipes de desenvolvimento\"],\"inLanguage\":\"pt-BR\",\"potentialAction\":[{\"@type\":\"CommentAction\",\"name\":\"Comment\",\"target\":[\"https:\\\/\\\/richmondvale.org\\\/pt-br\\\/agricultura-ecologica-no-centro-correcional-de-belle-isle\\\/#respond\"]}]},{\"@type\":\"WebPage\",\"@id\":\"https:\\\/\\\/richmondvale.org\\\/pt-br\\\/agricultura-ecologica-no-centro-correcional-de-belle-isle\\\/\",\"url\":\"https:\\\/\\\/richmondvale.org\\\/pt-br\\\/agricultura-ecologica-no-centro-correcional-de-belle-isle\\\/\",\"name\":\"Agricultura ecol\u00f3gica no centro correcional de Belle Isle - Richmond Vale Academy\",\"isPartOf\":{\"@id\":\"https:\\\/\\\/richmondvale.org\\\/pt-br\\\/#website\"},\"primaryImageOfPage\":{\"@id\":\"https:\\\/\\\/richmondvale.org\\\/pt-br\\\/agricultura-ecologica-no-centro-correcional-de-belle-isle\\\/#primaryimage\"},\"image\":{\"@id\":\"https:\\\/\\\/richmondvale.org\\\/pt-br\\\/agricultura-ecologica-no-centro-correcional-de-belle-isle\\\/#primaryimage\"},\"thumbnailUrl\":\"https:\\\/\\\/richmondvale.org\\\/wp-content\\\/uploads\\\/2023\\\/12\\\/Belle-Isle-Correctional-Facility.jpeg\",\"datePublished\":\"2021-02-15T18:04:09+00:00\",\"breadcrumb\":{\"@id\":\"https:\\\/\\\/richmondvale.org\\\/pt-br\\\/agricultura-ecologica-no-centro-correcional-de-belle-isle\\\/#breadcrumb\"},\"inLanguage\":\"pt-BR\",\"potentialAction\":[{\"@type\":\"ReadAction\",\"target\":[\"https:\\\/\\\/richmondvale.org\\\/pt-br\\\/agricultura-ecologica-no-centro-correcional-de-belle-isle\\\/\"]}]},{\"@type\":\"ImageObject\",\"inLanguage\":\"pt-BR\",\"@id\":\"https:\\\/\\\/richmondvale.org\\\/pt-br\\\/agricultura-ecologica-no-centro-correcional-de-belle-isle\\\/#primaryimage\",\"url\":\"https:\\\/\\\/richmondvale.org\\\/wp-content\\\/uploads\\\/2023\\\/12\\\/Belle-Isle-Correctional-Facility.jpeg\",\"contentUrl\":\"https:\\\/\\\/richmondvale.org\\\/wp-content\\\/uploads\\\/2023\\\/12\\\/Belle-Isle-Correctional-Facility.jpeg\",\"width\":640,\"height\":336},{\"@type\":\"BreadcrumbList\",\"@id\":\"https:\\\/\\\/richmondvale.org\\\/pt-br\\\/agricultura-ecologica-no-centro-correcional-de-belle-isle\\\/#breadcrumb\",\"itemListElement\":[{\"@type\":\"ListItem\",\"position\":1,\"name\":\"Home\",\"item\":\"https:\\\/\\\/richmondvale.org\\\/pt-br\\\/\"},{\"@type\":\"ListItem\",\"position\":2,\"name\":\"Agricultura ecol\u00f3gica no centro correcional de Belle Isle\"}]},{\"@type\":\"WebSite\",\"@id\":\"https:\\\/\\\/richmondvale.org\\\/pt-br\\\/#website\",\"url\":\"https:\\\/\\\/richmondvale.org\\\/pt-br\\\/\",\"name\":\"Richmond Vale Academy\",\"description\":\"\",\"publisher\":{\"@id\":\"https:\\\/\\\/richmondvale.org\\\/pt-br\\\/#organization\"},\"potentialAction\":[{\"@type\":\"SearchAction\",\"target\":{\"@type\":\"EntryPoint\",\"urlTemplate\":\"https:\\\/\\\/richmondvale.org\\\/pt-br\\\/?s={search_term_string}\"},\"query-input\":{\"@type\":\"PropertyValueSpecification\",\"valueRequired\":true,\"valueName\":\"search_term_string\"}}],\"inLanguage\":\"pt-BR\"},{\"@type\":\"Organization\",\"@id\":\"https:\\\/\\\/richmondvale.org\\\/pt-br\\\/#organization\",\"name\":\"Richmond Vale Academy\",\"url\":\"https:\\\/\\\/richmondvale.org\\\/pt-br\\\/\",\"logo\":{\"@type\":\"ImageObject\",\"inLanguage\":\"pt-BR\",\"@id\":\"https:\\\/\\\/richmondvale.org\\\/pt-br\\\/#\\\/schema\\\/logo\\\/image\\\/\",\"url\":\"https:\\\/\\\/richmondvale.org\\\/wp-content\\\/uploads\\\/2023\\\/11\\\/rva-logo.png\",\"contentUrl\":\"https:\\\/\\\/richmondvale.org\\\/wp-content\\\/uploads\\\/2023\\\/11\\\/rva-logo.png\",\"width\":319,\"height\":92,\"caption\":\"Richmond Vale Academy\"},\"image\":{\"@id\":\"https:\\\/\\\/richmondvale.org\\\/pt-br\\\/#\\\/schema\\\/logo\\\/image\\\/\"},\"sameAs\":[\"https:\\\/\\\/www.facebook.com\\\/RichmondValeAcademy\\\/\",\"https:\\\/\\\/www.instagram.com\\\/richmondvaleacademy\\\/?hl=en\",\"https:\\\/\\\/www.youtube.com\\\/channel\\\/UC11Q4oA2N0YMVskaLNJGXSQ\",\"https:\\\/\\\/www.linkedin.com\\\/company\\\/richmond-vale-academy\\\/\"]},{\"@type\":\"Person\",\"@id\":\"https:\\\/\\\/richmondvale.org\\\/pt-br\\\/#\\\/schema\\\/person\\\/7aa626c1499ffbb6fd679233d41c2198\",\"name\":\"arwvisions\",\"image\":{\"@type\":\"ImageObject\",\"inLanguage\":\"pt-BR\",\"@id\":\"https:\\\/\\\/secure.gravatar.com\\\/avatar\\\/22b7316e80d5118c95903ae6ee4fa9606374a9faf1302ef6eff6e19133ba79d8?s=96&d=mm&r=g\",\"url\":\"https:\\\/\\\/secure.gravatar.com\\\/avatar\\\/22b7316e80d5118c95903ae6ee4fa9606374a9faf1302ef6eff6e19133ba79d8?s=96&d=mm&r=g\",\"contentUrl\":\"https:\\\/\\\/secure.gravatar.com\\\/avatar\\\/22b7316e80d5118c95903ae6ee4fa9606374a9faf1302ef6eff6e19133ba79d8?s=96&d=mm&r=g\",\"caption\":\"arwvisions\"},\"url\":\"https:\\\/\\\/richmondvale.org\\\/pt-br\\\/author\\\/arwvisions\\\/\"}]}<\/script>\n<!-- \/ Yoast SEO Premium plugin. -->","yoast_head_json":{"title":"Agricultura ecol\u00f3gica no centro correcional de Belle Isle - Richmond Vale Academy","robots":{"index":"index","follow":"follow","max-snippet":"max-snippet:-1","max-image-preview":"max-image-preview:large","max-video-preview":"max-video-preview:-1"},"canonical":"https:\/\/richmondvale.org\/pt-br\/agricultura-ecologica-no-centro-correcional-de-belle-isle\/","og_locale":"pt_BR","og_type":"article","og_title":"Agricultura ecol\u00f3gica no centro correcional de Belle Isle","og_description":"&#8220;A experi\u00eancia foi maravilhosa. Aprendi muito com os detentos e, ao mesmo tempo, eles tamb\u00e9m aprenderam comigo. Ganhei muito respeito e confian\u00e7a deles durante meu tempo l\u00e1. Eles se tornaram como uma fam\u00edlia porque interagimos e aprendemos ao mesmo tempo&#8221;, Emris Stapleton, graduada do RVA Permaculture Design Certificate (PDC). &#8220;Diz-se que ningu\u00e9m conhece verdadeiramente uma... READ MORE","og_url":"https:\/\/richmondvale.org\/pt-br\/agricultura-ecologica-no-centro-correcional-de-belle-isle\/","og_site_name":"Richmond Vale Academy","article_publisher":"https:\/\/www.facebook.com\/RichmondValeAcademy\/","article_published_time":"2021-02-15T18:04:09+00:00","og_image":[{"width":640,"height":336,"url":"https:\/\/richmondvale.org\/wp-content\/uploads\/2023\/12\/Belle-Isle-Correctional-Facility.jpeg","type":"image\/jpeg"}],"author":"arwvisions","twitter_card":"summary_large_image","twitter_misc":{"Escrito por":"arwvisions","Est. tempo de leitura":"8 minutos"},"schema":{"@context":"https:\/\/schema.org","@graph":[{"@type":"Article","@id":"https:\/\/richmondvale.org\/pt-br\/agricultura-ecologica-no-centro-correcional-de-belle-isle\/#article","isPartOf":{"@id":"https:\/\/richmondvale.org\/pt-br\/agricultura-ecologica-no-centro-correcional-de-belle-isle\/"},"author":{"name":"arwvisions","@id":"https:\/\/richmondvale.org\/pt-br\/#\/schema\/person\/7aa626c1499ffbb6fd679233d41c2198"},"headline":"Agricultura ecol\u00f3gica no centro correcional de Belle Isle","datePublished":"2021-02-15T18:04:09+00:00","mainEntityOfPage":{"@id":"https:\/\/richmondvale.org\/pt-br\/agricultura-ecologica-no-centro-correcional-de-belle-isle\/"},"wordCount":1669,"commentCount":0,"publisher":{"@id":"https:\/\/richmondvale.org\/pt-br\/#organization"},"image":{"@id":"https:\/\/richmondvale.org\/pt-br\/agricultura-ecologica-no-centro-correcional-de-belle-isle\/#primaryimage"},"thumbnailUrl":"https:\/\/richmondvale.org\/wp-content\/uploads\/2023\/12\/Belle-Isle-Correctional-Facility.jpeg","articleSection":["Equipes de desenvolvimento"],"inLanguage":"pt-BR","potentialAction":[{"@type":"CommentAction","name":"Comment","target":["https:\/\/richmondvale.org\/pt-br\/agricultura-ecologica-no-centro-correcional-de-belle-isle\/#respond"]}]},{"@type":"WebPage","@id":"https:\/\/richmondvale.org\/pt-br\/agricultura-ecologica-no-centro-correcional-de-belle-isle\/","url":"https:\/\/richmondvale.org\/pt-br\/agricultura-ecologica-no-centro-correcional-de-belle-isle\/","name":"Agricultura ecol\u00f3gica no centro correcional de Belle Isle - Richmond Vale Academy","isPartOf":{"@id":"https:\/\/richmondvale.org\/pt-br\/#website"},"primaryImageOfPage":{"@id":"https:\/\/richmondvale.org\/pt-br\/agricultura-ecologica-no-centro-correcional-de-belle-isle\/#primaryimage"},"image":{"@id":"https:\/\/richmondvale.org\/pt-br\/agricultura-ecologica-no-centro-correcional-de-belle-isle\/#primaryimage"},"thumbnailUrl":"https:\/\/richmondvale.org\/wp-content\/uploads\/2023\/12\/Belle-Isle-Correctional-Facility.jpeg","datePublished":"2021-02-15T18:04:09+00:00","breadcrumb":{"@id":"https:\/\/richmondvale.org\/pt-br\/agricultura-ecologica-no-centro-correcional-de-belle-isle\/#breadcrumb"},"inLanguage":"pt-BR","potentialAction":[{"@type":"ReadAction","target":["https:\/\/richmondvale.org\/pt-br\/agricultura-ecologica-no-centro-correcional-de-belle-isle\/"]}]},{"@type":"ImageObject","inLanguage":"pt-BR","@id":"https:\/\/richmondvale.org\/pt-br\/agricultura-ecologica-no-centro-correcional-de-belle-isle\/#primaryimage","url":"https:\/\/richmondvale.org\/wp-content\/uploads\/2023\/12\/Belle-Isle-Correctional-Facility.jpeg","contentUrl":"https:\/\/richmondvale.org\/wp-content\/uploads\/2023\/12\/Belle-Isle-Correctional-Facility.jpeg","width":640,"height":336},{"@type":"BreadcrumbList","@id":"https:\/\/richmondvale.org\/pt-br\/agricultura-ecologica-no-centro-correcional-de-belle-isle\/#breadcrumb","itemListElement":[{"@type":"ListItem","position":1,"name":"Home","item":"https:\/\/richmondvale.org\/pt-br\/"},{"@type":"ListItem","position":2,"name":"Agricultura ecol\u00f3gica no centro correcional de Belle Isle"}]},{"@type":"WebSite","@id":"https:\/\/richmondvale.org\/pt-br\/#website","url":"https:\/\/richmondvale.org\/pt-br\/","name":"Richmond Vale Academy","description":"","publisher":{"@id":"https:\/\/richmondvale.org\/pt-br\/#organization"},"potentialAction":[{"@type":"SearchAction","target":{"@type":"EntryPoint","urlTemplate":"https:\/\/richmondvale.org\/pt-br\/?s={search_term_string}"},"query-input":{"@type":"PropertyValueSpecification","valueRequired":true,"valueName":"search_term_string"}}],"inLanguage":"pt-BR"},{"@type":"Organization","@id":"https:\/\/richmondvale.org\/pt-br\/#organization","name":"Richmond Vale Academy","url":"https:\/\/richmondvale.org\/pt-br\/","logo":{"@type":"ImageObject","inLanguage":"pt-BR","@id":"https:\/\/richmondvale.org\/pt-br\/#\/schema\/logo\/image\/","url":"https:\/\/richmondvale.org\/wp-content\/uploads\/2023\/11\/rva-logo.png","contentUrl":"https:\/\/richmondvale.org\/wp-content\/uploads\/2023\/11\/rva-logo.png","width":319,"height":92,"caption":"Richmond Vale Academy"},"image":{"@id":"https:\/\/richmondvale.org\/pt-br\/#\/schema\/logo\/image\/"},"sameAs":["https:\/\/www.facebook.com\/RichmondValeAcademy\/","https:\/\/www.instagram.com\/richmondvaleacademy\/?hl=en","https:\/\/www.youtube.com\/channel\/UC11Q4oA2N0YMVskaLNJGXSQ","https:\/\/www.linkedin.com\/company\/richmond-vale-academy\/"]},{"@type":"Person","@id":"https:\/\/richmondvale.org\/pt-br\/#\/schema\/person\/7aa626c1499ffbb6fd679233d41c2198","name":"arwvisions","image":{"@type":"ImageObject","inLanguage":"pt-BR","@id":"https:\/\/secure.gravatar.com\/avatar\/22b7316e80d5118c95903ae6ee4fa9606374a9faf1302ef6eff6e19133ba79d8?s=96&d=mm&r=g","url":"https:\/\/secure.gravatar.com\/avatar\/22b7316e80d5118c95903ae6ee4fa9606374a9faf1302ef6eff6e19133ba79d8?s=96&d=mm&r=g","contentUrl":"https:\/\/secure.gravatar.com\/avatar\/22b7316e80d5118c95903ae6ee4fa9606374a9faf1302ef6eff6e19133ba79d8?s=96&d=mm&r=g","caption":"arwvisions"},"url":"https:\/\/richmondvale.org\/pt-br\/author\/arwvisions\/"}]}},"_links":{"self":[{"href":"https:\/\/richmondvale.org\/pt-br\/wp-json\/wp\/v2\/posts\/125556","targetHints":{"allow":["GET"]}}],"collection":[{"href":"https:\/\/richmondvale.org\/pt-br\/wp-json\/wp\/v2\/posts"}],"about":[{"href":"https:\/\/richmondvale.org\/pt-br\/wp-json\/wp\/v2\/types\/post"}],"author":[{"embeddable":true,"href":"https:\/\/richmondvale.org\/pt-br\/wp-json\/wp\/v2\/users\/3"}],"replies":[{"embeddable":true,"href":"https:\/\/richmondvale.org\/pt-br\/wp-json\/wp\/v2\/comments?post=125556"}],"version-history":[{"count":0,"href":"https:\/\/richmondvale.org\/pt-br\/wp-json\/wp\/v2\/posts\/125556\/revisions"}],"wp:featuredmedia":[{"embeddable":true,"href":"https:\/\/richmondvale.org\/pt-br\/wp-json\/wp\/v2\/media\/125557"}],"wp:attachment":[{"href":"https:\/\/richmondvale.org\/pt-br\/wp-json\/wp\/v2\/media?parent=125556"}],"wp:term":[{"taxonomy":"category","embeddable":true,"href":"https:\/\/richmondvale.org\/pt-br\/wp-json\/wp\/v2\/categories?post=125556"},{"taxonomy":"post_tag","embeddable":true,"href":"https:\/\/richmondvale.org\/pt-br\/wp-json\/wp\/v2\/tags?post=125556"}],"curies":[{"name":"wp","href":"https:\/\/api.w.org\/{rel}","templated":true}]}}