{"id":125564,"date":"2021-02-15T13:04:09","date_gmt":"2021-02-15T18:04:09","guid":{"rendered":"https:\/\/richmondvale.org\/agriculture-ecologique-au-centre-correctionnel-de-belle-isle\/"},"modified":"2021-02-15T13:04:09","modified_gmt":"2021-02-15T18:04:09","slug":"agriculture-ecologique-au-centre-correctionnel-de-belle-isle","status":"publish","type":"post","link":"https:\/\/richmondvale.org\/fr\/agriculture-ecologique-au-centre-correctionnel-de-belle-isle\/","title":{"rendered":"Agriculture \u00e9cologique au centre correctionnel de Belle Isle"},"content":{"rendered":"<p><strong>\u00ab\u00a0L&rsquo;exp\u00e9rience a \u00e9t\u00e9 merveilleuse. J&rsquo;ai beaucoup appris des d\u00e9tenus et eux aussi ont appris de moi. J&rsquo;ai gagn\u00e9 beaucoup de respect et de confiance de leur part pendant mon s\u00e9jour. Ils sont devenus comme une famille parce que nous avons interagi tout en apprenant\u00a0\u00bb, Emris Stapleton, dipl\u00f4m\u00e9 du certificat de design en permaculture (PDC) de la RVA.<\/strong><\/p>\n<p><a href=\"https:\/\/richmondvale.org\/climate-change-activist\"><img fetchpriority=\"high\" decoding=\"async\" class=\"aligncenter wp-image-121726 size-full\" src=\"https:\/\/richmondvale.org\/wp-content\/uploads\/2023\/12\/RVA_6monthAd.jpg\" alt=\"\" width=\"800\" height=\"212\" srcset=\"https:\/\/richmondvale.org\/wp-content\/uploads\/2023\/12\/RVA_6monthAd.jpg 800w, https:\/\/richmondvale.org\/wp-content\/uploads\/2023\/12\/RVA_6monthAd-300x80.jpg 300w, https:\/\/richmondvale.org\/wp-content\/uploads\/2023\/12\/RVA_6monthAd-768x204.jpg 768w\" sizes=\"(max-width: 800px) 100vw, 800px\" \/><\/a><\/p>\n<p>\u00ab\u00a0On dit que personne ne conna\u00eet vraiment une nation tant qu&rsquo;on n&rsquo;est pas entr\u00e9 dans ses prisons. Une nation ne doit pas \u00eatre jug\u00e9e sur la fa\u00e7on dont elle traite ses citoyens les plus hauts plac\u00e9s, mais ses citoyens les plus bas\u00a0\u00bb, a d\u00e9clar\u00e9 feu Nelson Mandela, apr\u00e8s son incarc\u00e9ration de 27 ans sur l&rsquo;\u00eele de Robben Island.<\/p>\n<p>Cette d\u00e9claration changerait la vision du monde sur les droits des prisonniers, l&#8217;emprisonnement ne serait pas un temps perdu de souffrance et d&rsquo;humiliation, mais un temps de r\u00e9forme, dans des conditions humaines et de d\u00e9veloppement personnel.<\/p>\n<p>Il est \u00e9galement prouv\u00e9 que les cas de r\u00e9cidive des d\u00e9linquants sont d\u00e9termin\u00e9s par leurs conditions d&rsquo;incarc\u00e9ration, ceux qui ont \u00e9t\u00e9 trait\u00e9s plus humainement \u00e9tant moins susceptibles de r\u00e9cidiver.<\/p>\n<p>C&rsquo;est exactement ce que le gouvernement de Saint-Vincent-et-les-Grenadines avait envisag\u00e9 lors de la construction du centre p\u00e9nitentiaire de Belle Isle, afin de r\u00e9pondre aux normes internationales et de remplacer le centre p\u00e9nitentiaire de Kingstown, surpeupl\u00e9 et d\u00e9labr\u00e9.<\/p>\n<p>Pour que les prisonniers s&rsquo;en sortent mieux, le gouvernement d\u00e9clarait alors : \u00ab\u00a0et qu&rsquo;ils ne soient pas plus proches des animaux de la jungle que des \u00eatres humains civilis\u00e9s\u00a0\u00bb.<\/p>\n<p>Le centre correctionnel de Belle Isle a \u00e9t\u00e9 officiellement inaugur\u00e9 en 2009, avec pour premiers r\u00e9sidents des d\u00e9tenus en s\u00e9curit\u00e9 minimale. La premi\u00e8re phase de la construction de la prison a co\u00fbt\u00e9 18,7 millions d&rsquo;EC$, sur une partie fertile et pittoresque de Belle Isle, avec 33 dortoirs pouvant accueillir 9 d\u00e9tenus chacun. <\/p>\n<p>Des ann\u00e9es plus tard, le r\u00eave et la vision sur lesquels l&rsquo;\u00e9tablissement a \u00e9t\u00e9 construit continuent de prosp\u00e9rer, les d\u00e9tenus recevant une formation \u00e0 diverses comp\u00e9tences susceptibles de changer leur vie, ce qui profite \u00e0 la fois \u00e0 l&rsquo;\u00e9tablissement correctionnel de Belle Isle, aux d\u00e9tenus eux-m\u00eames et \u00e0 l&rsquo;ensemble de la communaut\u00e9.<\/p>\n<p>Les d\u00e9tenus de la prison ont notamment re\u00e7u une formation au jardinage biologique et \u00e0 la permaculture, dans le cadre du programme de r\u00e9habilitation agricole, qui a permis d&rsquo;am\u00e9liorer la capacit\u00e9 de l&rsquo;\u00e9tablissement \u00e0 se nourrir lui-m\u00eame.<\/p>\n<p>Le cours de conception en permaculture propos\u00e9 par la <a href=\"\/\">Richmond Vale Academy<\/a>(RVA) est une exp\u00e9rience de formation de soixante-douze heures (minimum). Les \u00e9tudiants qui suivent l&rsquo;int\u00e9gralit\u00e9 du programme obtiennent le certificat de design en permaculture, reconnu au niveau international. Il s&rsquo;agit d&rsquo;une introduction \u00e0 la conception de la permaculture telle qu&rsquo;elle a \u00e9t\u00e9 d\u00e9finie par le cofondateur du mouvement, Bill Mollison. Ce cours est d\u00e9sormais reconnu par un nombre croissant d&rsquo;universit\u00e9s dans le monde entier.  <\/p>\n<p>Cette initiative s&rsquo;inscrit dans le cadre des efforts d\u00e9ploy\u00e9s par la RVA pour promouvoir une culture de jardinage \u00e9cologique durable, en tant qu&rsquo;alternative saine, respectueuse du climat et b\u00e9n\u00e9fique pour l&rsquo;\u00e9conomie.<\/p>\n<p>Emris Stapleton, dipl\u00f4m\u00e9e du certificat de design en permaculture de la RVA, a utilis\u00e9 ses nouvelles comp\u00e9tences pour transmettre des connaissances cruciales \u00e0 certains d\u00e9tenus de l&rsquo;\u00e9tablissement correctionnel de Belle Isle.<\/p>\n<p>Avec les d\u00e9tenus s\u00e9lectionn\u00e9s, ils plantaient, entre autres l\u00e9gumes et herbes, de la ciboulette, de la laitue, du c\u00e9leri, de l&rsquo;estragon, des choux, du chou-fleur, du chou vert, des \u00e9pinards, du persil, ainsi que du plantain, des pattes d&rsquo;oie, des pois d&rsquo;Angole, des ananas et des past\u00e8ques. L&rsquo;\u00e9tablissement a la capacit\u00e9 de se nourrir lui-m\u00eame et de nourrir d&rsquo;autres \u00e9tablissements. <\/p>\n<p>Stapleton, jardini\u00e8re biologique, est \u00e9galement agent de terrain employ\u00e9 par le minist\u00e8re de l&rsquo;agriculture. Son emploi du temps charg\u00e9 comprenait une demi-journ\u00e9e de formation \u00e0 la RVA, puis une journ\u00e9e d&rsquo;enseignement au centre correctionnel de Belle Isle, conform\u00e9ment \u00e0 l&rsquo;autorisation et au financement du minist\u00e8re.<\/p>\n<p>Mme Stapleton, qui serait la premi\u00e8re agricultrice biologique employ\u00e9e par le minist\u00e8re, nous fait part de son exp\u00e9rience.<\/p>\n<p><strong>Le centre p\u00e9nitentiaire de Belle Isle est le plus grand \u00e9tablissement de la SVG, avec 288 d\u00e9tenus. Quand avez-vous commenc\u00e9 votre programme d&rsquo;agriculture \u00e9cologique dans cet \u00e9tablissement ?<br \/>\n<\/strong>Ce n&rsquo;est qu&rsquo;en d\u00e9cembre 2017, apr\u00e8s l&rsquo;ach\u00e8vement de mon jardin, que j&rsquo;ai pens\u00e9 \u00e0 un jardin \u00e0 la prison. En janvier 2018, apr\u00e8s avoir discut\u00e9 avec les agents de l&rsquo;\u00e9tablissement, j&rsquo;ai fait un jardin d&rsquo;essai pour montrer ce que je voulais qu&rsquo;ils fassent. J&rsquo;ai continu\u00e9 \u00e0 me rendre sur place en tant qu&rsquo;agent de terrain pour obtenir des donn\u00e9es sur les r\u00e9coltes, ce qui m&rsquo;a permis de les tenir au courant de l&rsquo;\u00e9volution de mon jardin. Il s&rsquo;agissait d&rsquo;un processus continu. En 2020, le minist\u00e8re de l&rsquo;agriculture m&rsquo;a officiellement autoris\u00e9 \u00e0 participer \u00e0 une session pratique d&rsquo;une demi-journ\u00e9e \u00e0 la Richmond Vale Academy, apr\u00e8s quoi je me rendais le lendemain \u00e0 la prison pour enseigner aux d\u00e9tenus ce que j&rsquo;avais appris la veille \u00e0 la RVA.    <\/p>\n<p><strong>Il y a \u00e9galement eu une formation pour le Permaculture Design Certificate (PDC), parlez-nous un peu plus a) du cours b) des \u00e9tudiants cibl\u00e9s pour la formation \u00e0 la prison, par exemple, aviez-vous certains crit\u00e8res de s\u00e9lection ?<br \/>\n<\/strong>Le cours PDC a commenc\u00e9 le 6 septembre et s&rsquo;est termin\u00e9 le 18 du m\u00eame mois en 2020 \u00e0 la RVA. Le cours \u00e9tait tr\u00e8s stimulant, passionnant aussi et il y avait beaucoup de choses \u00e0 apprendre. Un cours de six mois \u00e0 compl\u00e9ter en deux semaines. Il a fallu de longues heures de travail en classe et de nombreux exercices pratiques pour impliquer tout le monde. Et pour montrer que nous comprenions vraiment ce que l&rsquo;on nous enseignait, afin que plus tard, lorsque nous nous mettrons \u00e0 notre compte, nous sachions exactement ce que nous sommes cens\u00e9s faire. C&rsquo;\u00e9tait un d\u00e9fi, mais cela en valait la peine.     <\/p>\n<p>Environ neuf personnes ont particip\u00e9 au programme \u00e0 la prison. Elles ont \u00e9t\u00e9 s\u00e9lectionn\u00e9es par les responsables agricoles de l&rsquo;institution, sur les conseils du superviseur de la ferme. <\/p>\n<p><img decoding=\"async\" class=\"aligncenter size-full wp-image-117578\" src=\"https:\/\/richmondvale.org\/wp-content\/uploads\/2023\/12\/belle2.jpeg\" alt=\"\" width=\"640\" height=\"853\"><\/p>\n<p><strong>On pourrait se demander pourquoi un tel investissement en temps et en ressources pour les personnes condamn\u00e9es, pourquoi le centre correctionnel de Belle Isle et pas d&rsquo;autres institutions gouvernementales ?<br \/>\n<\/strong>La prison \u00e9tait l&rsquo;endroit id\u00e9al pour mettre en place un tel programme. Les ressources y sont facilement disponibles (main-d&rsquo;\u0153uvre, terrain, poulets et diff\u00e9rents types d&rsquo;animaux dans la ferme). (Main d&rsquo;\u0153uvre, terrain, poulets et diff\u00e9rents types d&rsquo;animaux dans la ferme). Avec mon groupe de jardinage, nous avons \u00e9galement travaill\u00e9 avec l&rsquo;\u00e9cole m\u00e9thodiste de Chateaubelair pour nettoyer et renforcer leur jardin et pour reconstruire les plates-bandes de leur jardin scolaire.   <\/p>\n<p><strong>Quel a \u00e9t\u00e9 l&rsquo;impact de la formation PDC dans l&rsquo;\u00e9tablissement ?<br \/>\n<\/strong>Pendant la p\u00e9riode o\u00f9 j&rsquo;ai travaill\u00e9 dans l&rsquo;\u00e9tablissement p\u00e9nitentiaire, les participants ont appr\u00e9ci\u00e9 l&rsquo;approche permacole, appliquant ce qu&rsquo;on leur avait enseign\u00e9 de mani\u00e8re pratique \u00e0 la ferme, et ont promis de continuer \u00e0 faire la m\u00eame chose lorsqu&rsquo;ils retourneraient dans la soci\u00e9t\u00e9 pour b\u00e9n\u00e9ficier d&rsquo;un emploi ind\u00e9pendant et faire une diff\u00e9rence dans la vie de leurs familles et des autres membres de la communaut\u00e9.<br \/>\nJe crois qu&rsquo;ils peuvent faire une diff\u00e9rence et qu&rsquo;ils le feront si on leur en donne l&rsquo;occasion.<\/p>\n<p><strong>Comment l&rsquo;exp\u00e9rience s&rsquo;est-elle d\u00e9roul\u00e9e pour vous personnellement ?<br \/>\n<\/strong>L&rsquo;exp\u00e9rience a \u00e9t\u00e9 merveilleuse. J&rsquo;ai beaucoup appris des d\u00e9tenus et eux aussi ont appris de moi. J&rsquo;ai gagn\u00e9 beaucoup de respect et de confiance de leur part pendant mon s\u00e9jour. Ils sont devenus comme une famille parce que nous avons interagi tout en apprenant.  <\/p>\n<p><strong>Pensez-vous que travailler avec des d\u00e9tenus dans un \u00e9tablissement p\u00e9nitentiaire pour les former \u00e0 l&rsquo;agriculture \u00e9cologique est un investissement rentable ? Y a-t-il des d\u00e9tenus form\u00e9s qui ont utilis\u00e9 leurs comp\u00e9tences apr\u00e8s leur lib\u00e9ration au profit de leur famille ou de leur communaut\u00e9 ?<br \/>\n<\/strong>Oui, c&rsquo;est un investissement qui en vaut la peine. La vie, c&rsquo;est vivre et acqu\u00e9rir chaque jour de nouvelles comp\u00e9tences et connaissances. M\u00eame s&rsquo;ils sont confin\u00e9s dans cette institution, ils sont pr\u00eats \u00e0 apprendre et \u00e0 se d\u00e9velopper de mani\u00e8re positive. Je ne me suis pas rendu \u00e0 la prison depuis un certain temps, je ne peux donc pas dire si les personnes qui ont particip\u00e9 au programme ont \u00e9t\u00e9 lib\u00e9r\u00e9es et quel est leur statut \u00e0 ce jour.    <\/p>\n<p><strong>Avec quel niveau de d\u00e9tenus travaillez-vous ?<br \/>\n<\/strong>Comme je l&rsquo;ai dit pr\u00e9c\u00e9demment, les d\u00e9tenus ont \u00e9t\u00e9 s\u00e9lectionn\u00e9s par les officiers sans tenir compte de la raison pour laquelle ils avaient \u00e9t\u00e9 incarc\u00e9r\u00e9s. Ils devaient simplement \u00eatre passionn\u00e9s par l&rsquo;acquisition de nouvelles comp\u00e9tences lorsque l&rsquo;occasion se pr\u00e9sentait. <\/p>\n<p><img decoding=\"async\" class=\"aligncenter size-full wp-image-117579\" src=\"https:\/\/richmondvale.org\/wp-content\/uploads\/2023\/12\/belle3.jpeg\" alt=\"\" width=\"640\" height=\"427\"><\/p>\n<p><strong>Quels sont les d\u00e9fis auxquels vous avez \u00e9t\u00e9 confront\u00e9s ?<br \/>\n<\/strong>Les d\u00e9fis \u00e9taient nombreux. Par exemple, ils ont re\u00e7u un r\u00e9servoir d&rsquo;eau de 1000 gallons de la RVA et \u00e0 ce jour, je ne suis pas s\u00fbr qu&rsquo;il ait \u00e9t\u00e9 install\u00e9 parce qu&rsquo;ils avaient besoin des accessoires de plomberie n\u00e9cessaires. Ils avaient \u00e9galement besoin d&rsquo;outils de jardinage (b\u00eaches, fourches, s\u00e9cateurs, etc.). De semences \u00e9galement. Et encore plus de r\u00e9servoirs pour la collecte de l&rsquo;eau, car la r\u00e9gion est facilement ass\u00e9ch\u00e9e, surtout pendant la saison s\u00e8che. Ils ont \u00e9galement besoin de plus de r\u00e9servoirs pour pouvoir produire davantage \u00e0 l&rsquo;approche de la saison s\u00e8che.     <\/p>\n<p><strong>Quels sont les domaines \u00e0 am\u00e9liorer, par exemple en termes de soutien du gouvernement ou d&rsquo;ONG telles que la RVA ?<br \/>\n<\/strong>Je pense qu&rsquo;une fois que d&rsquo;autres ONG et le gouvernement leur apporteront tout le soutien dont ils ont besoin, beaucoup plus d&rsquo;aliments de qualit\u00e9 sup\u00e9rieure pourront \u00eatre produits par l&rsquo;institution et le seront par les personnes responsables qui s&rsquo;y trouvent.<\/p>\n<p><strong>Avez-vous d&rsquo;autres informations \u00e0 nous communiquer ?<\/strong><br \/>\nOui, il y a d&rsquo;autres choses que j&rsquo;aimerais vraiment partager. Tout d&rsquo;abord, j&rsquo;ai souhait\u00e9 que le programme soit poursuivi car seuls deux officiers ont \u00e9t\u00e9 form\u00e9s dans le cadre du cours PDC en septembre dernier. J&rsquo;esp\u00e9rais que la RVA poursuivrait le programme et remettrait \u00e0 chaque participant un certificat afin qu&rsquo;il puisse, une fois r\u00e9ins\u00e9r\u00e9 dans la soci\u00e9t\u00e9, y trouver un emploi r\u00e9mun\u00e9r\u00e9.  <\/p>\n<p>J&rsquo;ai \u00e9galement souhait\u00e9 que davantage de personnes soient form\u00e9es \u00e0 la permaculture, car tout le monde est plus soucieux de sa sant\u00e9 de nos jours, cultivant et mangeant des aliments plus sains, sans produits chimiques ni pesticides, afin de prolonger la long\u00e9vit\u00e9 et de lutter contre les maladies.<\/p>\n<p>Par RVA<\/p>\n<p><a href=\"https:\/\/richmondvale.org\/climate-change-activist\"><img fetchpriority=\"high\" decoding=\"async\" class=\"aligncenter wp-image-121726 size-full\" src=\"https:\/\/richmondvale.org\/wp-content\/uploads\/2023\/12\/RVA_6monthAd.jpg\" alt=\"\" width=\"800\" height=\"212\" srcset=\"https:\/\/richmondvale.org\/wp-content\/uploads\/2023\/12\/RVA_6monthAd.jpg 800w, https:\/\/richmondvale.org\/wp-content\/uploads\/2023\/12\/RVA_6monthAd-300x80.jpg 300w, https:\/\/richmondvale.org\/wp-content\/uploads\/2023\/12\/RVA_6monthAd-768x204.jpg 768w\" sizes=\"(max-width: 800px) 100vw, 800px\" \/><\/a><\/p>\n","protected":false},"excerpt":{"rendered":"<p>\u00ab\u00a0L&rsquo;exp\u00e9rience a \u00e9t\u00e9 merveilleuse. J&rsquo;ai beaucoup appris des d\u00e9tenus et eux aussi ont appris de moi. J&rsquo;ai gagn\u00e9 beaucoup de respect et de confiance de leur part pendant mon s\u00e9jour. Ils sont devenus comme une famille parce que nous avons interagi tout en apprenant\u00a0\u00bb, Emris Stapleton, dipl\u00f4m\u00e9 du certificat de design en permaculture (PDC) de&#8230; <a href=\"https:\/\/richmondvale.org\/fr\/agriculture-ecologique-au-centre-correctionnel-de-belle-isle\/\" class=\"read-more-link\">READ MORE <i class=\"fa fa-caret-right\" aria-hidden=\"true\"><\/i><\/a><\/p>\n","protected":false},"author":3,"featured_media":125566,"comment_status":"open","ping_status":"open","sticky":false,"template":"","format":"standard","meta":{"_acf_changed":false,"_monsterinsights_skip_tracking":false,"_monsterinsights_sitenote_active":false,"_monsterinsights_sitenote_note":"","_monsterinsights_sitenote_category":0,"ngg_post_thumbnail":0,"footnotes":""},"categories":[102],"tags":[],"class_list":["post-125564","post","type-post","status-publish","format-standard","has-post-thumbnail","hentry","category-equipes-de-developpement"],"acf":[],"yoast_head":"<!-- This site is optimized with the Yoast SEO Premium plugin v27.5 (Yoast SEO v27.5) - https:\/\/yoast.com\/product\/yoast-seo-premium-wordpress\/ -->\n<title>Agriculture \u00e9cologique au centre correctionnel de Belle Isle - Richmond Vale Academy<\/title>\n<meta name=\"robots\" content=\"index, follow, max-snippet:-1, max-image-preview:large, max-video-preview:-1\" \/>\n<link rel=\"canonical\" href=\"https:\/\/richmondvale.org\/fr\/agriculture-ecologique-au-centre-correctionnel-de-belle-isle\/\" \/>\n<meta property=\"og:locale\" content=\"fr_FR\" \/>\n<meta property=\"og:type\" content=\"article\" \/>\n<meta property=\"og:title\" content=\"Agriculture \u00e9cologique au centre correctionnel de Belle Isle\" \/>\n<meta property=\"og:description\" content=\"\u00ab\u00a0L&rsquo;exp\u00e9rience a \u00e9t\u00e9 merveilleuse. J&rsquo;ai beaucoup appris des d\u00e9tenus et eux aussi ont appris de moi. J&rsquo;ai gagn\u00e9 beaucoup de respect et de confiance de leur part pendant mon s\u00e9jour. Ils sont devenus comme une famille parce que nous avons interagi tout en apprenant\u00a0\u00bb, Emris Stapleton, dipl\u00f4m\u00e9 du certificat de design en permaculture (PDC) de... READ MORE\" \/>\n<meta property=\"og:url\" content=\"https:\/\/richmondvale.org\/fr\/agriculture-ecologique-au-centre-correctionnel-de-belle-isle\/\" \/>\n<meta property=\"og:site_name\" content=\"Richmond Vale Academy\" \/>\n<meta property=\"article:publisher\" content=\"https:\/\/www.facebook.com\/RichmondValeAcademy\/\" \/>\n<meta property=\"article:published_time\" content=\"2021-02-15T18:04:09+00:00\" \/>\n<meta property=\"og:image\" content=\"https:\/\/richmondvale.org\/wp-content\/uploads\/2023\/12\/Belle-Isle-Correctional-Facility.jpeg\" \/>\n\t<meta property=\"og:image:width\" content=\"640\" \/>\n\t<meta property=\"og:image:height\" content=\"336\" \/>\n\t<meta property=\"og:image:type\" content=\"image\/jpeg\" \/>\n<meta name=\"author\" content=\"arwvisions\" \/>\n<meta name=\"twitter:card\" content=\"summary_large_image\" \/>\n<meta name=\"twitter:label1\" content=\"\u00c9crit par\" \/>\n\t<meta name=\"twitter:data1\" content=\"arwvisions\" \/>\n\t<meta name=\"twitter:label2\" content=\"Dur\u00e9e de lecture estim\u00e9e\" \/>\n\t<meta name=\"twitter:data2\" content=\"9 minutes\" \/>\n<script type=\"application\/ld+json\" class=\"yoast-schema-graph\">{\"@context\":\"https:\\\/\\\/schema.org\",\"@graph\":[{\"@type\":\"Article\",\"@id\":\"https:\\\/\\\/richmondvale.org\\\/fr\\\/agriculture-ecologique-au-centre-correctionnel-de-belle-isle\\\/#article\",\"isPartOf\":{\"@id\":\"https:\\\/\\\/richmondvale.org\\\/fr\\\/agriculture-ecologique-au-centre-correctionnel-de-belle-isle\\\/\"},\"author\":{\"name\":\"arwvisions\",\"@id\":\"https:\\\/\\\/richmondvale.org\\\/fr\\\/#\\\/schema\\\/person\\\/7aa626c1499ffbb6fd679233d41c2198\"},\"headline\":\"Agriculture \u00e9cologique au centre correctionnel de Belle Isle\",\"datePublished\":\"2021-02-15T18:04:09+00:00\",\"mainEntityOfPage\":{\"@id\":\"https:\\\/\\\/richmondvale.org\\\/fr\\\/agriculture-ecologique-au-centre-correctionnel-de-belle-isle\\\/\"},\"wordCount\":1898,\"commentCount\":0,\"publisher\":{\"@id\":\"https:\\\/\\\/richmondvale.org\\\/fr\\\/#organization\"},\"image\":{\"@id\":\"https:\\\/\\\/richmondvale.org\\\/fr\\\/agriculture-ecologique-au-centre-correctionnel-de-belle-isle\\\/#primaryimage\"},\"thumbnailUrl\":\"https:\\\/\\\/richmondvale.org\\\/wp-content\\\/uploads\\\/2023\\\/12\\\/Belle-Isle-Correctional-Facility.jpeg\",\"articleSection\":[\"\u00c9quipes de d\u00e9veloppement\"],\"inLanguage\":\"fr-FR\",\"potentialAction\":[{\"@type\":\"CommentAction\",\"name\":\"Comment\",\"target\":[\"https:\\\/\\\/richmondvale.org\\\/fr\\\/agriculture-ecologique-au-centre-correctionnel-de-belle-isle\\\/#respond\"]}]},{\"@type\":\"WebPage\",\"@id\":\"https:\\\/\\\/richmondvale.org\\\/fr\\\/agriculture-ecologique-au-centre-correctionnel-de-belle-isle\\\/\",\"url\":\"https:\\\/\\\/richmondvale.org\\\/fr\\\/agriculture-ecologique-au-centre-correctionnel-de-belle-isle\\\/\",\"name\":\"Agriculture \u00e9cologique au centre correctionnel de Belle Isle - Richmond Vale Academy\",\"isPartOf\":{\"@id\":\"https:\\\/\\\/richmondvale.org\\\/fr\\\/#website\"},\"primaryImageOfPage\":{\"@id\":\"https:\\\/\\\/richmondvale.org\\\/fr\\\/agriculture-ecologique-au-centre-correctionnel-de-belle-isle\\\/#primaryimage\"},\"image\":{\"@id\":\"https:\\\/\\\/richmondvale.org\\\/fr\\\/agriculture-ecologique-au-centre-correctionnel-de-belle-isle\\\/#primaryimage\"},\"thumbnailUrl\":\"https:\\\/\\\/richmondvale.org\\\/wp-content\\\/uploads\\\/2023\\\/12\\\/Belle-Isle-Correctional-Facility.jpeg\",\"datePublished\":\"2021-02-15T18:04:09+00:00\",\"breadcrumb\":{\"@id\":\"https:\\\/\\\/richmondvale.org\\\/fr\\\/agriculture-ecologique-au-centre-correctionnel-de-belle-isle\\\/#breadcrumb\"},\"inLanguage\":\"fr-FR\",\"potentialAction\":[{\"@type\":\"ReadAction\",\"target\":[\"https:\\\/\\\/richmondvale.org\\\/fr\\\/agriculture-ecologique-au-centre-correctionnel-de-belle-isle\\\/\"]}]},{\"@type\":\"ImageObject\",\"inLanguage\":\"fr-FR\",\"@id\":\"https:\\\/\\\/richmondvale.org\\\/fr\\\/agriculture-ecologique-au-centre-correctionnel-de-belle-isle\\\/#primaryimage\",\"url\":\"https:\\\/\\\/richmondvale.org\\\/wp-content\\\/uploads\\\/2023\\\/12\\\/Belle-Isle-Correctional-Facility.jpeg\",\"contentUrl\":\"https:\\\/\\\/richmondvale.org\\\/wp-content\\\/uploads\\\/2023\\\/12\\\/Belle-Isle-Correctional-Facility.jpeg\",\"width\":640,\"height\":336},{\"@type\":\"BreadcrumbList\",\"@id\":\"https:\\\/\\\/richmondvale.org\\\/fr\\\/agriculture-ecologique-au-centre-correctionnel-de-belle-isle\\\/#breadcrumb\",\"itemListElement\":[{\"@type\":\"ListItem\",\"position\":1,\"name\":\"Home\",\"item\":\"https:\\\/\\\/richmondvale.org\\\/fr\\\/\"},{\"@type\":\"ListItem\",\"position\":2,\"name\":\"Agriculture \u00e9cologique au centre correctionnel de Belle Isle\"}]},{\"@type\":\"WebSite\",\"@id\":\"https:\\\/\\\/richmondvale.org\\\/fr\\\/#website\",\"url\":\"https:\\\/\\\/richmondvale.org\\\/fr\\\/\",\"name\":\"Richmond Vale Academy\",\"description\":\"\",\"publisher\":{\"@id\":\"https:\\\/\\\/richmondvale.org\\\/fr\\\/#organization\"},\"potentialAction\":[{\"@type\":\"SearchAction\",\"target\":{\"@type\":\"EntryPoint\",\"urlTemplate\":\"https:\\\/\\\/richmondvale.org\\\/fr\\\/?s={search_term_string}\"},\"query-input\":{\"@type\":\"PropertyValueSpecification\",\"valueRequired\":true,\"valueName\":\"search_term_string\"}}],\"inLanguage\":\"fr-FR\"},{\"@type\":\"Organization\",\"@id\":\"https:\\\/\\\/richmondvale.org\\\/fr\\\/#organization\",\"name\":\"Richmond Vale Academy\",\"url\":\"https:\\\/\\\/richmondvale.org\\\/fr\\\/\",\"logo\":{\"@type\":\"ImageObject\",\"inLanguage\":\"fr-FR\",\"@id\":\"https:\\\/\\\/richmondvale.org\\\/fr\\\/#\\\/schema\\\/logo\\\/image\\\/\",\"url\":\"https:\\\/\\\/richmondvale.org\\\/wp-content\\\/uploads\\\/2023\\\/11\\\/rva-logo.png\",\"contentUrl\":\"https:\\\/\\\/richmondvale.org\\\/wp-content\\\/uploads\\\/2023\\\/11\\\/rva-logo.png\",\"width\":319,\"height\":92,\"caption\":\"Richmond Vale Academy\"},\"image\":{\"@id\":\"https:\\\/\\\/richmondvale.org\\\/fr\\\/#\\\/schema\\\/logo\\\/image\\\/\"},\"sameAs\":[\"https:\\\/\\\/www.facebook.com\\\/RichmondValeAcademy\\\/\",\"https:\\\/\\\/www.instagram.com\\\/richmondvaleacademy\\\/?hl=en\",\"https:\\\/\\\/www.youtube.com\\\/channel\\\/UC11Q4oA2N0YMVskaLNJGXSQ\",\"https:\\\/\\\/www.linkedin.com\\\/company\\\/richmond-vale-academy\\\/\"]},{\"@type\":\"Person\",\"@id\":\"https:\\\/\\\/richmondvale.org\\\/fr\\\/#\\\/schema\\\/person\\\/7aa626c1499ffbb6fd679233d41c2198\",\"name\":\"arwvisions\",\"image\":{\"@type\":\"ImageObject\",\"inLanguage\":\"fr-FR\",\"@id\":\"https:\\\/\\\/secure.gravatar.com\\\/avatar\\\/22b7316e80d5118c95903ae6ee4fa9606374a9faf1302ef6eff6e19133ba79d8?s=96&d=mm&r=g\",\"url\":\"https:\\\/\\\/secure.gravatar.com\\\/avatar\\\/22b7316e80d5118c95903ae6ee4fa9606374a9faf1302ef6eff6e19133ba79d8?s=96&d=mm&r=g\",\"contentUrl\":\"https:\\\/\\\/secure.gravatar.com\\\/avatar\\\/22b7316e80d5118c95903ae6ee4fa9606374a9faf1302ef6eff6e19133ba79d8?s=96&d=mm&r=g\",\"caption\":\"arwvisions\"},\"url\":\"https:\\\/\\\/richmondvale.org\\\/fr\\\/author\\\/arwvisions\\\/\"}]}<\/script>\n<!-- \/ Yoast SEO Premium plugin. -->","yoast_head_json":{"title":"Agriculture \u00e9cologique au centre correctionnel de Belle Isle - Richmond Vale Academy","robots":{"index":"index","follow":"follow","max-snippet":"max-snippet:-1","max-image-preview":"max-image-preview:large","max-video-preview":"max-video-preview:-1"},"canonical":"https:\/\/richmondvale.org\/fr\/agriculture-ecologique-au-centre-correctionnel-de-belle-isle\/","og_locale":"fr_FR","og_type":"article","og_title":"Agriculture \u00e9cologique au centre correctionnel de Belle Isle","og_description":"\u00ab\u00a0L&rsquo;exp\u00e9rience a \u00e9t\u00e9 merveilleuse. J&rsquo;ai beaucoup appris des d\u00e9tenus et eux aussi ont appris de moi. J&rsquo;ai gagn\u00e9 beaucoup de respect et de confiance de leur part pendant mon s\u00e9jour. Ils sont devenus comme une famille parce que nous avons interagi tout en apprenant\u00a0\u00bb, Emris Stapleton, dipl\u00f4m\u00e9 du certificat de design en permaculture (PDC) de... READ MORE","og_url":"https:\/\/richmondvale.org\/fr\/agriculture-ecologique-au-centre-correctionnel-de-belle-isle\/","og_site_name":"Richmond Vale Academy","article_publisher":"https:\/\/www.facebook.com\/RichmondValeAcademy\/","article_published_time":"2021-02-15T18:04:09+00:00","og_image":[{"width":640,"height":336,"url":"https:\/\/richmondvale.org\/wp-content\/uploads\/2023\/12\/Belle-Isle-Correctional-Facility.jpeg","type":"image\/jpeg"}],"author":"arwvisions","twitter_card":"summary_large_image","twitter_misc":{"\u00c9crit par":"arwvisions","Dur\u00e9e de lecture estim\u00e9e":"9 minutes"},"schema":{"@context":"https:\/\/schema.org","@graph":[{"@type":"Article","@id":"https:\/\/richmondvale.org\/fr\/agriculture-ecologique-au-centre-correctionnel-de-belle-isle\/#article","isPartOf":{"@id":"https:\/\/richmondvale.org\/fr\/agriculture-ecologique-au-centre-correctionnel-de-belle-isle\/"},"author":{"name":"arwvisions","@id":"https:\/\/richmondvale.org\/fr\/#\/schema\/person\/7aa626c1499ffbb6fd679233d41c2198"},"headline":"Agriculture \u00e9cologique au centre correctionnel de Belle Isle","datePublished":"2021-02-15T18:04:09+00:00","mainEntityOfPage":{"@id":"https:\/\/richmondvale.org\/fr\/agriculture-ecologique-au-centre-correctionnel-de-belle-isle\/"},"wordCount":1898,"commentCount":0,"publisher":{"@id":"https:\/\/richmondvale.org\/fr\/#organization"},"image":{"@id":"https:\/\/richmondvale.org\/fr\/agriculture-ecologique-au-centre-correctionnel-de-belle-isle\/#primaryimage"},"thumbnailUrl":"https:\/\/richmondvale.org\/wp-content\/uploads\/2023\/12\/Belle-Isle-Correctional-Facility.jpeg","articleSection":["\u00c9quipes de d\u00e9veloppement"],"inLanguage":"fr-FR","potentialAction":[{"@type":"CommentAction","name":"Comment","target":["https:\/\/richmondvale.org\/fr\/agriculture-ecologique-au-centre-correctionnel-de-belle-isle\/#respond"]}]},{"@type":"WebPage","@id":"https:\/\/richmondvale.org\/fr\/agriculture-ecologique-au-centre-correctionnel-de-belle-isle\/","url":"https:\/\/richmondvale.org\/fr\/agriculture-ecologique-au-centre-correctionnel-de-belle-isle\/","name":"Agriculture \u00e9cologique au centre correctionnel de Belle Isle - Richmond Vale Academy","isPartOf":{"@id":"https:\/\/richmondvale.org\/fr\/#website"},"primaryImageOfPage":{"@id":"https:\/\/richmondvale.org\/fr\/agriculture-ecologique-au-centre-correctionnel-de-belle-isle\/#primaryimage"},"image":{"@id":"https:\/\/richmondvale.org\/fr\/agriculture-ecologique-au-centre-correctionnel-de-belle-isle\/#primaryimage"},"thumbnailUrl":"https:\/\/richmondvale.org\/wp-content\/uploads\/2023\/12\/Belle-Isle-Correctional-Facility.jpeg","datePublished":"2021-02-15T18:04:09+00:00","breadcrumb":{"@id":"https:\/\/richmondvale.org\/fr\/agriculture-ecologique-au-centre-correctionnel-de-belle-isle\/#breadcrumb"},"inLanguage":"fr-FR","potentialAction":[{"@type":"ReadAction","target":["https:\/\/richmondvale.org\/fr\/agriculture-ecologique-au-centre-correctionnel-de-belle-isle\/"]}]},{"@type":"ImageObject","inLanguage":"fr-FR","@id":"https:\/\/richmondvale.org\/fr\/agriculture-ecologique-au-centre-correctionnel-de-belle-isle\/#primaryimage","url":"https:\/\/richmondvale.org\/wp-content\/uploads\/2023\/12\/Belle-Isle-Correctional-Facility.jpeg","contentUrl":"https:\/\/richmondvale.org\/wp-content\/uploads\/2023\/12\/Belle-Isle-Correctional-Facility.jpeg","width":640,"height":336},{"@type":"BreadcrumbList","@id":"https:\/\/richmondvale.org\/fr\/agriculture-ecologique-au-centre-correctionnel-de-belle-isle\/#breadcrumb","itemListElement":[{"@type":"ListItem","position":1,"name":"Home","item":"https:\/\/richmondvale.org\/fr\/"},{"@type":"ListItem","position":2,"name":"Agriculture \u00e9cologique au centre correctionnel de Belle Isle"}]},{"@type":"WebSite","@id":"https:\/\/richmondvale.org\/fr\/#website","url":"https:\/\/richmondvale.org\/fr\/","name":"Richmond Vale Academy","description":"","publisher":{"@id":"https:\/\/richmondvale.org\/fr\/#organization"},"potentialAction":[{"@type":"SearchAction","target":{"@type":"EntryPoint","urlTemplate":"https:\/\/richmondvale.org\/fr\/?s={search_term_string}"},"query-input":{"@type":"PropertyValueSpecification","valueRequired":true,"valueName":"search_term_string"}}],"inLanguage":"fr-FR"},{"@type":"Organization","@id":"https:\/\/richmondvale.org\/fr\/#organization","name":"Richmond Vale Academy","url":"https:\/\/richmondvale.org\/fr\/","logo":{"@type":"ImageObject","inLanguage":"fr-FR","@id":"https:\/\/richmondvale.org\/fr\/#\/schema\/logo\/image\/","url":"https:\/\/richmondvale.org\/wp-content\/uploads\/2023\/11\/rva-logo.png","contentUrl":"https:\/\/richmondvale.org\/wp-content\/uploads\/2023\/11\/rva-logo.png","width":319,"height":92,"caption":"Richmond Vale Academy"},"image":{"@id":"https:\/\/richmondvale.org\/fr\/#\/schema\/logo\/image\/"},"sameAs":["https:\/\/www.facebook.com\/RichmondValeAcademy\/","https:\/\/www.instagram.com\/richmondvaleacademy\/?hl=en","https:\/\/www.youtube.com\/channel\/UC11Q4oA2N0YMVskaLNJGXSQ","https:\/\/www.linkedin.com\/company\/richmond-vale-academy\/"]},{"@type":"Person","@id":"https:\/\/richmondvale.org\/fr\/#\/schema\/person\/7aa626c1499ffbb6fd679233d41c2198","name":"arwvisions","image":{"@type":"ImageObject","inLanguage":"fr-FR","@id":"https:\/\/secure.gravatar.com\/avatar\/22b7316e80d5118c95903ae6ee4fa9606374a9faf1302ef6eff6e19133ba79d8?s=96&d=mm&r=g","url":"https:\/\/secure.gravatar.com\/avatar\/22b7316e80d5118c95903ae6ee4fa9606374a9faf1302ef6eff6e19133ba79d8?s=96&d=mm&r=g","contentUrl":"https:\/\/secure.gravatar.com\/avatar\/22b7316e80d5118c95903ae6ee4fa9606374a9faf1302ef6eff6e19133ba79d8?s=96&d=mm&r=g","caption":"arwvisions"},"url":"https:\/\/richmondvale.org\/fr\/author\/arwvisions\/"}]}},"_links":{"self":[{"href":"https:\/\/richmondvale.org\/fr\/wp-json\/wp\/v2\/posts\/125564","targetHints":{"allow":["GET"]}}],"collection":[{"href":"https:\/\/richmondvale.org\/fr\/wp-json\/wp\/v2\/posts"}],"about":[{"href":"https:\/\/richmondvale.org\/fr\/wp-json\/wp\/v2\/types\/post"}],"author":[{"embeddable":true,"href":"https:\/\/richmondvale.org\/fr\/wp-json\/wp\/v2\/users\/3"}],"replies":[{"embeddable":true,"href":"https:\/\/richmondvale.org\/fr\/wp-json\/wp\/v2\/comments?post=125564"}],"version-history":[{"count":0,"href":"https:\/\/richmondvale.org\/fr\/wp-json\/wp\/v2\/posts\/125564\/revisions"}],"wp:featuredmedia":[{"embeddable":true,"href":"https:\/\/richmondvale.org\/fr\/wp-json\/wp\/v2\/media\/125566"}],"wp:attachment":[{"href":"https:\/\/richmondvale.org\/fr\/wp-json\/wp\/v2\/media?parent=125564"}],"wp:term":[{"taxonomy":"category","embeddable":true,"href":"https:\/\/richmondvale.org\/fr\/wp-json\/wp\/v2\/categories?post=125564"},{"taxonomy":"post_tag","embeddable":true,"href":"https:\/\/richmondvale.org\/fr\/wp-json\/wp\/v2\/tags?post=125564"}],"curies":[{"name":"wp","href":"https:\/\/api.w.org\/{rel}","templated":true}]}}